{"id":401,"date":"2013-09-04T18:29:33","date_gmt":"2013-09-04T16:29:33","guid":{"rendered":"http:\/\/ankerlhome.mine.nu\/projekt-aquaponica\/?p=401"},"modified":"2014-01-05T21:44:22","modified_gmt":"2014-01-05T20:44:22","slug":"ubersiedlung","status":"publish","type":"post","link":"http:\/\/www.projekt-aquaponica.at\/?p=401","title":{"rendered":"\u00dcbersiedlung"},"content":{"rendered":"<p>Es ist soweit. Die aktion &#8222;\u00dcbersiedlung&#8220; ist fast abgeschlossen. Es war viel Arbeit, hat mir aber viel Freude bereitet. Etwas Wasser ist noch im Teich. Die Pumpe ist zu schwach.<\/p>\n<p>Die Fische sind nicht viel gewachsen, ich habe die Tilapien und die Afrikanischen Welse abgewogen. In den n\u00e4chsten Tagen k\u00f6nnen die Werte mit denen vom Mai vergliechen werden. Die m\u00e4nnlichen Tilapien tragen noch ihr buntes kleid. Sie sind wirklich sch\u00f6n. Den Welsen sind die F\u00fchler nachgewachsen. Sie wehrten sich stark gegen Abwiegen und sind \u00fcber den Boden gekrochen. Sie sind so kr\u00e4ftig, so schwer zu halten.<\/p>\n<p>Leider habe ich etwa 25 Babys aus dem Teich verloren. Sie lagen alle auf dem Eimerboden mit offenem Maul. Das n\u00e4chste Mal denke ich daran, ihnen einen Bel\u00fcftungsstein ins wasser zu geben. Die restlichen 90 St\u00fcck haben die Strapatzen gut \u00fcberstanden. Einige von ihnen wurden gemessen und gewogen. Das Wasser im Einmer wurde mit dem aus dem Aquarium gemischt, diesmal haben sie auch Bel\u00fcftung bekomen. Dann durften sie endlich zu ihren Geschwistern entlassen werden. Sie sind sooo klein im vergleich zu denen, die schon die ganze Zeit \u00fcber im Aquarium gelebt haben. Ich bin mir sicher, dass sie schnell aufholen werden.<\/p>\n<p>Auch im Keller ist alles in Ordnung. Die Fische sind ruhig, erholen sich. Wasser ist leicht milchig, k\u00f6nnen Bakterien sein, oder Schleim der Tiere. Ich habe auch einiges an Teichwasser heute reingegeben, damit sie es leichter haben und damit das Wasser lebt. Seit gestern liegt schon auch ein heizstab und arbeitet. Mit Absicht habe ich ihn gestern nur so weit aufgedreht, dass das Wasser die gleiche Temperatur hat wie im Teich. Wenn ich mir vorstelle, dass ich mal innerhalb von wenigen Stunden aus meinem Klima in die Tropen \u00fcbersiedeln w\u00fcrde&#8230; So muss es auch meinen Fischen gehen.<\/p>\n<p><a href=\"http:\/\/webserver\/wordpress_aquaponica\/wp-content\/uploads\/2013\/12\/IMG_77.jpg\"><img data-attachment-id=\"1271\" data-permalink=\"http:\/\/www.projekt-aquaponica.at\/?attachment_id=1271\" data-orig-file=\"http:\/\/www.projekt-aquaponica.at\/wp-content\/uploads\/2013\/12\/IMG_77.jpg\" data-orig-size=\"1024,768\" data-comments-opened=\"1\" data-image-meta=\"{&quot;aperture&quot;:&quot;0&quot;,&quot;credit&quot;:&quot;Renata Ankerl-Zaczek&quot;,&quot;camera&quot;:&quot;&quot;,&quot;caption&quot;:&quot;&quot;,&quot;created_timestamp&quot;:&quot;1378321310&quot;,&quot;copyright&quot;:&quot;Renata Ankerl-Zaczek&quot;,&quot;focal_length&quot;:&quot;0&quot;,&quot;iso&quot;:&quot;0&quot;,&quot;shutter_speed&quot;:&quot;0&quot;,&quot;title&quot;:&quot;&quot;}\" data-image-title=\"\u00dcbersiedlung\" data-image-description=\"\" data-medium-file=\"http:\/\/www.projekt-aquaponica.at\/wp-content\/uploads\/2013\/12\/IMG_77-300x225.jpg\" data-large-file=\"http:\/\/www.projekt-aquaponica.at\/wp-content\/uploads\/2013\/12\/IMG_77.jpg\" loading=\"lazy\" class=\"alignnone size-medium wp-image-1271\" alt=\"\u00dcbersiedlung\" src=\"http:\/\/webserver\/wordpress_aquaponica\/wp-content\/uploads\/2013\/12\/IMG_77-300x225.jpg\" width=\"300\" height=\"225\" srcset=\"http:\/\/www.projekt-aquaponica.at\/wp-content\/uploads\/2013\/12\/IMG_77-300x225.jpg 300w, http:\/\/www.projekt-aquaponica.at\/wp-content\/uploads\/2013\/12\/IMG_77-200x150.jpg 200w, http:\/\/www.projekt-aquaponica.at\/wp-content\/uploads\/2013\/12\/IMG_77.jpg 1024w\" sizes=\"(max-width: 300px) 100vw, 300px\" \/><\/a>\u00a0 <a href=\"http:\/\/webserver\/wordpress_aquaponica\/wp-content\/uploads\/2013\/12\/IMG_78.jpg\"><img data-attachment-id=\"1291\" data-permalink=\"http:\/\/www.projekt-aquaponica.at\/?attachment_id=1291\" data-orig-file=\"http:\/\/www.projekt-aquaponica.at\/wp-content\/uploads\/2013\/12\/IMG_78-e1388851415643.jpg\" data-orig-size=\"1024,768\" data-comments-opened=\"1\" data-image-meta=\"{&quot;aperture&quot;:&quot;0&quot;,&quot;credit&quot;:&quot;Renata Ankerl-Zaczek&quot;,&quot;camera&quot;:&quot;&quot;,&quot;caption&quot;:&quot;&quot;,&quot;created_timestamp&quot;:&quot;1378321310&quot;,&quot;copyright&quot;:&quot;Renata Ankerl-Zaczek&quot;,&quot;focal_length&quot;:&quot;0&quot;,&quot;iso&quot;:&quot;0&quot;,&quot;shutter_speed&quot;:&quot;0&quot;,&quot;title&quot;:&quot;&quot;}\" data-image-title=\"\u00dcbersiedlung\" data-image-description=\"\" data-medium-file=\"http:\/\/www.projekt-aquaponica.at\/wp-content\/uploads\/2013\/12\/IMG_78-e1388851415643-300x225.jpg\" data-large-file=\"http:\/\/www.projekt-aquaponica.at\/wp-content\/uploads\/2013\/12\/IMG_78-e1388851415643.jpg\" loading=\"lazy\" class=\"alignnone size-medium wp-image-1291\" alt=\"\u00dcbersiedlung\" src=\"http:\/\/webserver\/wordpress_aquaponica\/wp-content\/uploads\/2013\/12\/IMG_78-e1388851415643-300x225.jpg\" width=\"300\" height=\"225\" srcset=\"http:\/\/www.projekt-aquaponica.at\/wp-content\/uploads\/2013\/12\/IMG_78-e1388851415643-300x225.jpg 300w, http:\/\/www.projekt-aquaponica.at\/wp-content\/uploads\/2013\/12\/IMG_78-e1388851415643-150x112.jpg 150w, http:\/\/www.projekt-aquaponica.at\/wp-content\/uploads\/2013\/12\/IMG_78-e1388851415643.jpg 1024w\" sizes=\"(max-width: 300px) 100vw, 300px\" \/><\/a><\/p>\n<p><a href=\"http:\/\/webserver\/wordpress_aquaponica\/wp-content\/uploads\/2013\/12\/IMG_74.jpg\"><img data-attachment-id=\"1233\" data-permalink=\"http:\/\/www.projekt-aquaponica.at\/?attachment_id=1233\" data-orig-file=\"http:\/\/www.projekt-aquaponica.at\/wp-content\/uploads\/2013\/12\/IMG_74.jpg\" data-orig-size=\"1024,768\" data-comments-opened=\"1\" data-image-meta=\"{&quot;aperture&quot;:&quot;0&quot;,&quot;credit&quot;:&quot;Renata Ankerl-Zaczek&quot;,&quot;camera&quot;:&quot;&quot;,&quot;caption&quot;:&quot;&quot;,&quot;created_timestamp&quot;:&quot;1378321310&quot;,&quot;copyright&quot;:&quot;Renata Ankerl-Zaczek&quot;,&quot;focal_length&quot;:&quot;0&quot;,&quot;iso&quot;:&quot;0&quot;,&quot;shutter_speed&quot;:&quot;0&quot;,&quot;title&quot;:&quot;&quot;}\" data-image-title=\"\u00dcbersiedlung\" data-image-description=\"\" data-medium-file=\"http:\/\/www.projekt-aquaponica.at\/wp-content\/uploads\/2013\/12\/IMG_74-300x225.jpg\" data-large-file=\"http:\/\/www.projekt-aquaponica.at\/wp-content\/uploads\/2013\/12\/IMG_74.jpg\" loading=\"lazy\" class=\"alignnone size-medium wp-image-1233\" alt=\"\u00dcbersiedlung\" src=\"http:\/\/webserver\/wordpress_aquaponica\/wp-content\/uploads\/2013\/12\/IMG_74-300x225.jpg\" width=\"300\" height=\"225\" srcset=\"http:\/\/www.projekt-aquaponica.at\/wp-content\/uploads\/2013\/12\/IMG_74-300x225.jpg 300w, http:\/\/www.projekt-aquaponica.at\/wp-content\/uploads\/2013\/12\/IMG_74-200x150.jpg 200w, http:\/\/www.projekt-aquaponica.at\/wp-content\/uploads\/2013\/12\/IMG_74.jpg 1024w\" sizes=\"(max-width: 300px) 100vw, 300px\" \/><\/a><\/p>\n<p>Nun aber haben wir es hinter uns. Es ist eigentlich alles recht z\u00fcgig gegangen. Ich habe keine Hilfe gebraucht. N\u00e4chstes Mal warte ich mit dem Abfischen auf jeden Fall so lange, bis nur noch einige Zentimeter Wasser im Teich sind. Das wird die Tiere sicher noch weniger belasten. Ich werde wieder eine kleine Teichpumpe verwenden. Sie hat eine Gitterabdeckung und arbeiet recht langsam. Damit werden keine Molche, Fr\u00f6sche, Fische oder Libellenlarven in die Pumpe eingesaugt. Die Wasserbewohner k\u00f6nnen sich auch besser auf den langsam sinkenden Wasserspiegel einstellen und ich kann meine Apfelb\u00e4ume mit dem Wasser gie\u00dfen.<\/p>\n<p>Die euroboxen als Zwischenstation haben sich gut bew\u00e4hrt. In der gro\u00dfen Box (Eurobeh\u00e4lter geschlossen \u2013 EG 64\/32 HG) waren etwa 60l Wasser, teilweise frisch, teilweise aus dem Teich. Damit die Fische ruhiger waren, haben sie 3 Tropfen Nelken\u00f6l bekommen. Als Deckel habe ich eine Eurogitterbox (Eurobeh\u00e4lter durchbrochen \u2013 EO 64\/12) verwendet. So konnten sie nicht mehr rausspringen, aber bekamen Luft und etwas licht.<\/p>\n<p>Morgen pumpe ich das restliche Wasser raus, hoffentlich sind keine Fische mehr drinnen&#8230;<\/p>\n","protected":false},"excerpt":{"rendered":"<p>Es ist soweit. Die aktion &#8222;\u00dcbersiedlung&#8220; ist fast abgeschlossen. Es war viel Arbeit, hat mir aber viel Freude bereitet. Etwas Wasser ist noch im Teich. Die Pumpe ist zu schwach. Die Fische sind nicht viel gewachsen, ich habe die Tilapien und die Afrikanischen Welse abgewogen. In den n\u00e4chsten Tagen k\u00f6nnen die Werte mit denen vom [&hellip;]<\/p>\n","protected":false},"author":2,"featured_media":1274,"comment_status":"open","ping_status":"open","sticky":false,"template":"","format":"standard","meta":{"spay_email":"","jetpack_publicize_message":"","jetpack_is_tweetstorm":false},"categories":[5,11,67],"tags":[],"jetpack_featured_media_url":"http:\/\/www.projekt-aquaponica.at\/wp-content\/uploads\/2013\/12\/IMG_75.jpg","jetpack_publicize_connections":[],"jetpack_sharing_enabled":true,"jetpack_shortlink":"https:\/\/wp.me\/p4cuX7-6t","_links":{"self":[{"href":"http:\/\/www.projekt-aquaponica.at\/index.php?rest_route=\/wp\/v2\/posts\/401"}],"collection":[{"href":"http:\/\/www.projekt-aquaponica.at\/index.php?rest_route=\/wp\/v2\/posts"}],"about":[{"href":"http:\/\/www.projekt-aquaponica.at\/index.php?rest_route=\/wp\/v2\/types\/post"}],"author":[{"embeddable":true,"href":"http:\/\/www.projekt-aquaponica.at\/index.php?rest_route=\/wp\/v2\/users\/2"}],"replies":[{"embeddable":true,"href":"http:\/\/www.projekt-aquaponica.at\/index.php?rest_route=%2Fwp%2Fv2%2Fcomments&post=401"}],"version-history":[{"count":3,"href":"http:\/\/www.projekt-aquaponica.at\/index.php?rest_route=\/wp\/v2\/posts\/401\/revisions"}],"predecessor-version":[{"id":1492,"href":"http:\/\/www.projekt-aquaponica.at\/index.php?rest_route=\/wp\/v2\/posts\/401\/revisions\/1492"}],"wp:featuredmedia":[{"embeddable":true,"href":"http:\/\/www.projekt-aquaponica.at\/index.php?rest_route=\/wp\/v2\/media\/1274"}],"wp:attachment":[{"href":"http:\/\/www.projekt-aquaponica.at\/index.php?rest_route=%2Fwp%2Fv2%2Fmedia&parent=401"}],"wp:term":[{"taxonomy":"category","embeddable":true,"href":"http:\/\/www.projekt-aquaponica.at\/index.php?rest_route=%2Fwp%2Fv2%2Fcategories&post=401"},{"taxonomy":"post_tag","embeddable":true,"href":"http:\/\/www.projekt-aquaponica.at\/index.php?rest_route=%2Fwp%2Fv2%2Ftags&post=401"}],"curies":[{"name":"wp","href":"https:\/\/api.w.org\/{rel}","templated":true}]}}