{"id":1921,"date":"2014-09-11T16:03:28","date_gmt":"2014-09-11T15:03:28","guid":{"rendered":"http:\/\/webserver\/wordpress_aquaponica\/?p=1921"},"modified":"2015-03-13T19:57:50","modified_gmt":"2015-03-13T18:57:50","slug":"neue-saison","status":"publish","type":"post","link":"http:\/\/www.projekt-aquaponica.at\/?p=1921","title":{"rendered":"neue Saison"},"content":{"rendered":"<p>Sie Sommerfrische ist vorbei. Heute sind die letzten Fische wieder in den\u00a0Tank eingezogen. Sie schauen alle gut aus, trotz der \u00dcbersiedlung.<\/p>\n<p>Am System hat sich nur eine Kleinigkeit ge\u00e4ndert, die aber sehr wichtig ist. Endlich sind die Verbindungen zwischen dem Aquarium, dem Absetzbecken und den Container fix. Kein Provisorium mehr.<\/p>\n<p>Ein guter Bekannter hat die L\u00f6cher gebohrt, auch im Glas. Das war f\u00fcr mich sehr spannend. Zum Gl\u00fcck ist alles gut gegangen, das Aquarium ist bis auf das gebohrte Loch noch ganz, keine Spr\u00fcnge, keine Absplitterungen. Hat er das gut gemacht, der Gert&#8230;<\/p>\n<p><a href=\"http:\/\/webserver\/wordpress_aquaponica\/wp-content\/uploads\/2014\/09\/IMG_445.jpg\"><img data-attachment-id=\"1922\" data-permalink=\"http:\/\/www.projekt-aquaponica.at\/?attachment_id=1922\" data-orig-file=\"http:\/\/www.projekt-aquaponica.at\/wp-content\/uploads\/2014\/09\/IMG_445.jpg\" data-orig-size=\"1024,683\" data-comments-opened=\"1\" data-image-meta=\"{&quot;aperture&quot;:&quot;0&quot;,&quot;credit&quot;:&quot;&quot;,&quot;camera&quot;:&quot;&quot;,&quot;caption&quot;:&quot;&quot;,&quot;created_timestamp&quot;:&quot;0&quot;,&quot;copyright&quot;:&quot;&quot;,&quot;focal_length&quot;:&quot;0&quot;,&quot;iso&quot;:&quot;0&quot;,&quot;shutter_speed&quot;:&quot;0&quot;,&quot;title&quot;:&quot;&quot;,&quot;orientation&quot;:&quot;0&quot;}\" data-image-title=\"neue Saison\" data-image-description=\"\" data-medium-file=\"http:\/\/www.projekt-aquaponica.at\/wp-content\/uploads\/2014\/09\/IMG_445-300x200.jpg\" data-large-file=\"http:\/\/www.projekt-aquaponica.at\/wp-content\/uploads\/2014\/09\/IMG_445.jpg\" loading=\"lazy\" class=\"alignnone size-medium wp-image-1922\" src=\"http:\/\/webserver\/wordpress_aquaponica\/wp-content\/uploads\/2014\/09\/IMG_445-300x200.jpg\" alt=\"neue Saison\" width=\"300\" height=\"200\" srcset=\"http:\/\/www.projekt-aquaponica.at\/wp-content\/uploads\/2014\/09\/IMG_445-300x200.jpg 300w, http:\/\/www.projekt-aquaponica.at\/wp-content\/uploads\/2014\/09\/IMG_445-150x100.jpg 150w, http:\/\/www.projekt-aquaponica.at\/wp-content\/uploads\/2014\/09\/IMG_445-900x600.jpg 900w, http:\/\/www.projekt-aquaponica.at\/wp-content\/uploads\/2014\/09\/IMG_445.jpg 1024w\" sizes=\"(max-width: 300px) 100vw, 300px\" \/><\/a>\u00a0 <a href=\"http:\/\/webserver\/wordpress_aquaponica\/wp-content\/uploads\/2014\/09\/IMG_446.jpg\"><img data-attachment-id=\"1923\" data-permalink=\"http:\/\/www.projekt-aquaponica.at\/?attachment_id=1923\" data-orig-file=\"http:\/\/www.projekt-aquaponica.at\/wp-content\/uploads\/2014\/09\/IMG_446.jpg\" data-orig-size=\"1024,683\" data-comments-opened=\"1\" data-image-meta=\"{&quot;aperture&quot;:&quot;0&quot;,&quot;credit&quot;:&quot;&quot;,&quot;camera&quot;:&quot;&quot;,&quot;caption&quot;:&quot;&quot;,&quot;created_timestamp&quot;:&quot;0&quot;,&quot;copyright&quot;:&quot;&quot;,&quot;focal_length&quot;:&quot;0&quot;,&quot;iso&quot;:&quot;0&quot;,&quot;shutter_speed&quot;:&quot;0&quot;,&quot;title&quot;:&quot;&quot;,&quot;orientation&quot;:&quot;0&quot;}\" data-image-title=\"neue Saison\" data-image-description=\"\" data-medium-file=\"http:\/\/www.projekt-aquaponica.at\/wp-content\/uploads\/2014\/09\/IMG_446-300x200.jpg\" data-large-file=\"http:\/\/www.projekt-aquaponica.at\/wp-content\/uploads\/2014\/09\/IMG_446.jpg\" loading=\"lazy\" class=\"alignnone size-medium wp-image-1923\" src=\"http:\/\/webserver\/wordpress_aquaponica\/wp-content\/uploads\/2014\/09\/IMG_446-300x200.jpg\" alt=\"neue Saison\" width=\"300\" height=\"200\" srcset=\"http:\/\/www.projekt-aquaponica.at\/wp-content\/uploads\/2014\/09\/IMG_446-300x200.jpg 300w, http:\/\/www.projekt-aquaponica.at\/wp-content\/uploads\/2014\/09\/IMG_446-150x100.jpg 150w, http:\/\/www.projekt-aquaponica.at\/wp-content\/uploads\/2014\/09\/IMG_446-900x600.jpg 900w, http:\/\/www.projekt-aquaponica.at\/wp-content\/uploads\/2014\/09\/IMG_446.jpg 1024w\" sizes=\"(max-width: 300px) 100vw, 300px\" \/><\/a><\/p>\n<p><a href=\"http:\/\/webserver\/wordpress_aquaponica\/wp-content\/uploads\/2014\/09\/IMG_449.jpg\"><img data-attachment-id=\"1925\" data-permalink=\"http:\/\/www.projekt-aquaponica.at\/?attachment_id=1925\" data-orig-file=\"http:\/\/www.projekt-aquaponica.at\/wp-content\/uploads\/2014\/09\/IMG_449.jpg\" data-orig-size=\"1024,683\" data-comments-opened=\"1\" data-image-meta=\"{&quot;aperture&quot;:&quot;0&quot;,&quot;credit&quot;:&quot;&quot;,&quot;camera&quot;:&quot;&quot;,&quot;caption&quot;:&quot;&quot;,&quot;created_timestamp&quot;:&quot;0&quot;,&quot;copyright&quot;:&quot;&quot;,&quot;focal_length&quot;:&quot;0&quot;,&quot;iso&quot;:&quot;0&quot;,&quot;shutter_speed&quot;:&quot;0&quot;,&quot;title&quot;:&quot;&quot;,&quot;orientation&quot;:&quot;0&quot;}\" data-image-title=\"neue Saison\" data-image-description=\"\" data-medium-file=\"http:\/\/www.projekt-aquaponica.at\/wp-content\/uploads\/2014\/09\/IMG_449-300x200.jpg\" data-large-file=\"http:\/\/www.projekt-aquaponica.at\/wp-content\/uploads\/2014\/09\/IMG_449.jpg\" loading=\"lazy\" class=\"alignnone size-medium wp-image-1925\" src=\"http:\/\/webserver\/wordpress_aquaponica\/wp-content\/uploads\/2014\/09\/IMG_449-300x200.jpg\" alt=\"neue Saison\" width=\"300\" height=\"200\" srcset=\"http:\/\/www.projekt-aquaponica.at\/wp-content\/uploads\/2014\/09\/IMG_449-300x200.jpg 300w, http:\/\/www.projekt-aquaponica.at\/wp-content\/uploads\/2014\/09\/IMG_449-150x100.jpg 150w, http:\/\/www.projekt-aquaponica.at\/wp-content\/uploads\/2014\/09\/IMG_449-900x600.jpg 900w, http:\/\/www.projekt-aquaponica.at\/wp-content\/uploads\/2014\/09\/IMG_449.jpg 1024w\" sizes=\"(max-width: 300px) 100vw, 300px\" \/><\/a><\/p>\n<p>Dann hab ich nur noch die Rohre verkleben m\u00fcssen und die Tankdurf\u00fchrungen montieren. Es schaut schon gut aus. Hoffentlich ist es auch dicht und der Wasserkreislauf l\u00e4uft wie geplant.<\/p>\n<p><a href=\"http:\/\/webserver\/wordpress_aquaponica\/wp-content\/uploads\/2014\/09\/IMG_451.jpg\"><img data-attachment-id=\"1927\" data-permalink=\"http:\/\/www.projekt-aquaponica.at\/?attachment_id=1927\" data-orig-file=\"http:\/\/www.projekt-aquaponica.at\/wp-content\/uploads\/2014\/09\/IMG_451.jpg\" data-orig-size=\"1024,683\" data-comments-opened=\"1\" data-image-meta=\"{&quot;aperture&quot;:&quot;0&quot;,&quot;credit&quot;:&quot;&quot;,&quot;camera&quot;:&quot;&quot;,&quot;caption&quot;:&quot;&quot;,&quot;created_timestamp&quot;:&quot;0&quot;,&quot;copyright&quot;:&quot;&quot;,&quot;focal_length&quot;:&quot;0&quot;,&quot;iso&quot;:&quot;0&quot;,&quot;shutter_speed&quot;:&quot;0&quot;,&quot;title&quot;:&quot;&quot;,&quot;orientation&quot;:&quot;0&quot;}\" data-image-title=\"neue Saison\" data-image-description=\"\" data-medium-file=\"http:\/\/www.projekt-aquaponica.at\/wp-content\/uploads\/2014\/09\/IMG_451-300x200.jpg\" data-large-file=\"http:\/\/www.projekt-aquaponica.at\/wp-content\/uploads\/2014\/09\/IMG_451.jpg\" loading=\"lazy\" class=\"alignnone size-medium wp-image-1927\" src=\"http:\/\/webserver\/wordpress_aquaponica\/wp-content\/uploads\/2014\/09\/IMG_451-300x200.jpg\" alt=\"neue Saison\" width=\"300\" height=\"200\" srcset=\"http:\/\/www.projekt-aquaponica.at\/wp-content\/uploads\/2014\/09\/IMG_451-300x200.jpg 300w, http:\/\/www.projekt-aquaponica.at\/wp-content\/uploads\/2014\/09\/IMG_451-150x100.jpg 150w, http:\/\/www.projekt-aquaponica.at\/wp-content\/uploads\/2014\/09\/IMG_451-900x600.jpg 900w, http:\/\/www.projekt-aquaponica.at\/wp-content\/uploads\/2014\/09\/IMG_451.jpg 1024w\" sizes=\"(max-width: 300px) 100vw, 300px\" \/><\/a>\u00a0 <a href=\"http:\/\/webserver\/wordpress_aquaponica\/wp-content\/uploads\/2014\/09\/IMG_452.jpg\"><img data-attachment-id=\"1928\" data-permalink=\"http:\/\/www.projekt-aquaponica.at\/?attachment_id=1928\" data-orig-file=\"http:\/\/www.projekt-aquaponica.at\/wp-content\/uploads\/2014\/09\/IMG_452.jpg\" data-orig-size=\"1024,683\" data-comments-opened=\"1\" data-image-meta=\"{&quot;aperture&quot;:&quot;0&quot;,&quot;credit&quot;:&quot;&quot;,&quot;camera&quot;:&quot;&quot;,&quot;caption&quot;:&quot;&quot;,&quot;created_timestamp&quot;:&quot;0&quot;,&quot;copyright&quot;:&quot;&quot;,&quot;focal_length&quot;:&quot;0&quot;,&quot;iso&quot;:&quot;0&quot;,&quot;shutter_speed&quot;:&quot;0&quot;,&quot;title&quot;:&quot;&quot;,&quot;orientation&quot;:&quot;0&quot;}\" data-image-title=\"neue Saison\" data-image-description=\"\" data-medium-file=\"http:\/\/www.projekt-aquaponica.at\/wp-content\/uploads\/2014\/09\/IMG_452-300x200.jpg\" data-large-file=\"http:\/\/www.projekt-aquaponica.at\/wp-content\/uploads\/2014\/09\/IMG_452.jpg\" loading=\"lazy\" class=\"alignnone size-medium wp-image-1928\" src=\"http:\/\/webserver\/wordpress_aquaponica\/wp-content\/uploads\/2014\/09\/IMG_452-300x200.jpg\" alt=\"neue Saison\" width=\"300\" height=\"200\" srcset=\"http:\/\/www.projekt-aquaponica.at\/wp-content\/uploads\/2014\/09\/IMG_452-300x200.jpg 300w, http:\/\/www.projekt-aquaponica.at\/wp-content\/uploads\/2014\/09\/IMG_452-150x100.jpg 150w, http:\/\/www.projekt-aquaponica.at\/wp-content\/uploads\/2014\/09\/IMG_452-900x600.jpg 900w, http:\/\/www.projekt-aquaponica.at\/wp-content\/uploads\/2014\/09\/IMG_452.jpg 1024w\" sizes=\"(max-width: 300px) 100vw, 300px\" \/><\/a><\/p>\n<p><a href=\"http:\/\/webserver\/wordpress_aquaponica\/wp-content\/uploads\/2014\/09\/IMG_453.jpg\"><img data-attachment-id=\"1929\" data-permalink=\"http:\/\/www.projekt-aquaponica.at\/?attachment_id=1929\" data-orig-file=\"http:\/\/www.projekt-aquaponica.at\/wp-content\/uploads\/2014\/09\/IMG_453.jpg\" data-orig-size=\"1024,683\" data-comments-opened=\"1\" data-image-meta=\"{&quot;aperture&quot;:&quot;0&quot;,&quot;credit&quot;:&quot;&quot;,&quot;camera&quot;:&quot;&quot;,&quot;caption&quot;:&quot;&quot;,&quot;created_timestamp&quot;:&quot;0&quot;,&quot;copyright&quot;:&quot;&quot;,&quot;focal_length&quot;:&quot;0&quot;,&quot;iso&quot;:&quot;0&quot;,&quot;shutter_speed&quot;:&quot;0&quot;,&quot;title&quot;:&quot;&quot;,&quot;orientation&quot;:&quot;0&quot;}\" data-image-title=\"neue Saison\" data-image-description=\"\" data-medium-file=\"http:\/\/www.projekt-aquaponica.at\/wp-content\/uploads\/2014\/09\/IMG_453-300x200.jpg\" data-large-file=\"http:\/\/www.projekt-aquaponica.at\/wp-content\/uploads\/2014\/09\/IMG_453.jpg\" loading=\"lazy\" class=\"alignnone size-medium wp-image-1929\" src=\"http:\/\/webserver\/wordpress_aquaponica\/wp-content\/uploads\/2014\/09\/IMG_453-300x200.jpg\" alt=\"neue Saison\" width=\"300\" height=\"200\" srcset=\"http:\/\/www.projekt-aquaponica.at\/wp-content\/uploads\/2014\/09\/IMG_453-300x200.jpg 300w, http:\/\/www.projekt-aquaponica.at\/wp-content\/uploads\/2014\/09\/IMG_453-150x100.jpg 150w, http:\/\/www.projekt-aquaponica.at\/wp-content\/uploads\/2014\/09\/IMG_453-900x600.jpg 900w, http:\/\/www.projekt-aquaponica.at\/wp-content\/uploads\/2014\/09\/IMG_453.jpg 1024w\" sizes=\"(max-width: 300px) 100vw, 300px\" \/><\/a>\u00a0 <a href=\"http:\/\/webserver\/wordpress_aquaponica\/wp-content\/uploads\/2014\/09\/IMG_454.jpg\"><img data-attachment-id=\"1930\" data-permalink=\"http:\/\/www.projekt-aquaponica.at\/?attachment_id=1930\" data-orig-file=\"http:\/\/www.projekt-aquaponica.at\/wp-content\/uploads\/2014\/09\/IMG_454.jpg\" data-orig-size=\"1024,683\" data-comments-opened=\"1\" data-image-meta=\"{&quot;aperture&quot;:&quot;0&quot;,&quot;credit&quot;:&quot;&quot;,&quot;camera&quot;:&quot;&quot;,&quot;caption&quot;:&quot;&quot;,&quot;created_timestamp&quot;:&quot;0&quot;,&quot;copyright&quot;:&quot;&quot;,&quot;focal_length&quot;:&quot;0&quot;,&quot;iso&quot;:&quot;0&quot;,&quot;shutter_speed&quot;:&quot;0&quot;,&quot;title&quot;:&quot;&quot;,&quot;orientation&quot;:&quot;0&quot;}\" data-image-title=\"neue Saison\" data-image-description=\"\" data-medium-file=\"http:\/\/www.projekt-aquaponica.at\/wp-content\/uploads\/2014\/09\/IMG_454-300x200.jpg\" data-large-file=\"http:\/\/www.projekt-aquaponica.at\/wp-content\/uploads\/2014\/09\/IMG_454.jpg\" loading=\"lazy\" class=\"alignnone size-medium wp-image-1930\" src=\"http:\/\/webserver\/wordpress_aquaponica\/wp-content\/uploads\/2014\/09\/IMG_454-300x200.jpg\" alt=\"neue Saison\" width=\"300\" height=\"200\" srcset=\"http:\/\/www.projekt-aquaponica.at\/wp-content\/uploads\/2014\/09\/IMG_454-300x200.jpg 300w, http:\/\/www.projekt-aquaponica.at\/wp-content\/uploads\/2014\/09\/IMG_454-150x100.jpg 150w, http:\/\/www.projekt-aquaponica.at\/wp-content\/uploads\/2014\/09\/IMG_454-900x600.jpg 900w, http:\/\/www.projekt-aquaponica.at\/wp-content\/uploads\/2014\/09\/IMG_454.jpg 1024w\" sizes=\"(max-width: 300px) 100vw, 300px\" \/><\/a><\/p>\n<p>Das kleine System ist jetzt auch schon ganz voll. Da gibt es \u00fcber 150 Kleine. Die auf dem Foto sind die kleinsten, es d\u00fcrfte der j\u00fcngste Wurf sein.<\/p>\n<p><a href=\"http:\/\/webserver\/wordpress_aquaponica\/wp-content\/uploads\/2014\/09\/IMG_450.jpg\"><img data-attachment-id=\"1926\" data-permalink=\"http:\/\/www.projekt-aquaponica.at\/?attachment_id=1926\" data-orig-file=\"http:\/\/www.projekt-aquaponica.at\/wp-content\/uploads\/2014\/09\/IMG_450.jpg\" data-orig-size=\"1024,683\" data-comments-opened=\"1\" data-image-meta=\"{&quot;aperture&quot;:&quot;0&quot;,&quot;credit&quot;:&quot;&quot;,&quot;camera&quot;:&quot;&quot;,&quot;caption&quot;:&quot;&quot;,&quot;created_timestamp&quot;:&quot;0&quot;,&quot;copyright&quot;:&quot;&quot;,&quot;focal_length&quot;:&quot;0&quot;,&quot;iso&quot;:&quot;0&quot;,&quot;shutter_speed&quot;:&quot;0&quot;,&quot;title&quot;:&quot;&quot;,&quot;orientation&quot;:&quot;0&quot;}\" data-image-title=\"neue Saison\" data-image-description=\"\" data-medium-file=\"http:\/\/www.projekt-aquaponica.at\/wp-content\/uploads\/2014\/09\/IMG_450-300x200.jpg\" data-large-file=\"http:\/\/www.projekt-aquaponica.at\/wp-content\/uploads\/2014\/09\/IMG_450.jpg\" loading=\"lazy\" class=\"alignnone size-medium wp-image-1926\" src=\"http:\/\/webserver\/wordpress_aquaponica\/wp-content\/uploads\/2014\/09\/IMG_450-300x200.jpg\" alt=\"neue Saison\" width=\"300\" height=\"200\" srcset=\"http:\/\/www.projekt-aquaponica.at\/wp-content\/uploads\/2014\/09\/IMG_450-300x200.jpg 300w, http:\/\/www.projekt-aquaponica.at\/wp-content\/uploads\/2014\/09\/IMG_450-150x100.jpg 150w, http:\/\/www.projekt-aquaponica.at\/wp-content\/uploads\/2014\/09\/IMG_450-900x600.jpg 900w, http:\/\/www.projekt-aquaponica.at\/wp-content\/uploads\/2014\/09\/IMG_450.jpg 1024w\" sizes=\"(max-width: 300px) 100vw, 300px\" \/><\/a><\/p>\n<p>Die gr\u00fcne Lilie w\u00e4chst ganz brav, daneben eine Buntnessel. Die freien Pl\u00e4tze werden auch bald schon bepflanzt.<\/p>\n<p><a href=\"http:\/\/webserver\/wordpress_aquaponica\/wp-content\/uploads\/2014\/09\/IMG_448.jpg\"><img data-attachment-id=\"1924\" data-permalink=\"http:\/\/www.projekt-aquaponica.at\/?attachment_id=1924\" data-orig-file=\"http:\/\/www.projekt-aquaponica.at\/wp-content\/uploads\/2014\/09\/IMG_448.jpg\" data-orig-size=\"1024,683\" data-comments-opened=\"1\" data-image-meta=\"{&quot;aperture&quot;:&quot;0&quot;,&quot;credit&quot;:&quot;&quot;,&quot;camera&quot;:&quot;&quot;,&quot;caption&quot;:&quot;&quot;,&quot;created_timestamp&quot;:&quot;0&quot;,&quot;copyright&quot;:&quot;&quot;,&quot;focal_length&quot;:&quot;0&quot;,&quot;iso&quot;:&quot;0&quot;,&quot;shutter_speed&quot;:&quot;0&quot;,&quot;title&quot;:&quot;&quot;,&quot;orientation&quot;:&quot;0&quot;}\" data-image-title=\"neue Saison\" data-image-description=\"\" data-medium-file=\"http:\/\/www.projekt-aquaponica.at\/wp-content\/uploads\/2014\/09\/IMG_448-300x200.jpg\" data-large-file=\"http:\/\/www.projekt-aquaponica.at\/wp-content\/uploads\/2014\/09\/IMG_448.jpg\" loading=\"lazy\" class=\"alignnone size-medium wp-image-1924\" src=\"http:\/\/webserver\/wordpress_aquaponica\/wp-content\/uploads\/2014\/09\/IMG_448-300x200.jpg\" alt=\"neue Saison\" width=\"300\" height=\"200\" srcset=\"http:\/\/www.projekt-aquaponica.at\/wp-content\/uploads\/2014\/09\/IMG_448-300x200.jpg 300w, http:\/\/www.projekt-aquaponica.at\/wp-content\/uploads\/2014\/09\/IMG_448-150x100.jpg 150w, http:\/\/www.projekt-aquaponica.at\/wp-content\/uploads\/2014\/09\/IMG_448-900x600.jpg 900w, http:\/\/www.projekt-aquaponica.at\/wp-content\/uploads\/2014\/09\/IMG_448.jpg 1024w\" sizes=\"(max-width: 300px) 100vw, 300px\" \/><\/a><\/p>\n<p>&nbsp;<\/p>\n","protected":false},"excerpt":{"rendered":"<p>Sie Sommerfrische ist vorbei. Heute sind die letzten Fische wieder in den\u00a0Tank eingezogen. Sie schauen alle gut aus, trotz der \u00dcbersiedlung. Am System hat sich nur eine Kleinigkeit ge\u00e4ndert, die aber sehr wichtig ist. Endlich sind die Verbindungen zwischen dem Aquarium, dem Absetzbecken und den Container fix. Kein Provisorium mehr. Ein guter Bekannter hat die [&hellip;]<\/p>\n","protected":false},"author":2,"featured_media":1931,"comment_status":"open","ping_status":"open","sticky":false,"template":"","format":"standard","meta":{"spay_email":"","jetpack_publicize_message":"","jetpack_is_tweetstorm":false},"categories":[4,6,8,74],"tags":[],"jetpack_featured_media_url":"http:\/\/www.projekt-aquaponica.at\/wp-content\/uploads\/2014\/09\/IMG_447.jpg","jetpack_publicize_connections":[],"jetpack_sharing_enabled":true,"jetpack_shortlink":"https:\/\/wp.me\/p4cuX7-uZ","_links":{"self":[{"href":"http:\/\/www.projekt-aquaponica.at\/index.php?rest_route=\/wp\/v2\/posts\/1921"}],"collection":[{"href":"http:\/\/www.projekt-aquaponica.at\/index.php?rest_route=\/wp\/v2\/posts"}],"about":[{"href":"http:\/\/www.projekt-aquaponica.at\/index.php?rest_route=\/wp\/v2\/types\/post"}],"author":[{"embeddable":true,"href":"http:\/\/www.projekt-aquaponica.at\/index.php?rest_route=\/wp\/v2\/users\/2"}],"replies":[{"embeddable":true,"href":"http:\/\/www.projekt-aquaponica.at\/index.php?rest_route=%2Fwp%2Fv2%2Fcomments&post=1921"}],"version-history":[{"count":1,"href":"http:\/\/www.projekt-aquaponica.at\/index.php?rest_route=\/wp\/v2\/posts\/1921\/revisions"}],"predecessor-version":[{"id":1932,"href":"http:\/\/www.projekt-aquaponica.at\/index.php?rest_route=\/wp\/v2\/posts\/1921\/revisions\/1932"}],"wp:featuredmedia":[{"embeddable":true,"href":"http:\/\/www.projekt-aquaponica.at\/index.php?rest_route=\/wp\/v2\/media\/1931"}],"wp:attachment":[{"href":"http:\/\/www.projekt-aquaponica.at\/index.php?rest_route=%2Fwp%2Fv2%2Fmedia&parent=1921"}],"wp:term":[{"taxonomy":"category","embeddable":true,"href":"http:\/\/www.projekt-aquaponica.at\/index.php?rest_route=%2Fwp%2Fv2%2Fcategories&post=1921"},{"taxonomy":"post_tag","embeddable":true,"href":"http:\/\/www.projekt-aquaponica.at\/index.php?rest_route=%2Fwp%2Fv2%2Ftags&post=1921"}],"curies":[{"name":"wp","href":"https:\/\/api.w.org\/{rel}","templated":true}]}}